{"id":14344,"date":"2025-10-15T13:33:19","date_gmt":"2025-10-15T11:33:19","guid":{"rendered":"https:\/\/babolnamenes.hu\/?p=14344"},"modified":"2025-10-15T13:33:20","modified_gmt":"2025-10-15T11:33:20","slug":"komarom-esztergom-varmegyei-dijugrato-donto-babolnan","status":"publish","type":"post","link":"https:\/\/babolnamenes.hu\/en\/2025\/10\/15\/komarom-esztergom-varmegyei-dijugrato-donto-babolnan\/","title":{"rendered":"Kom\u00e1rom-Esztergom V\u00e1rmegyei d\u00edjugrat\u00f3 d\u00f6nt\u0151 B\u00e1boln\u00e1n"},"content":{"rendered":"\n<p>2025. szeptember 19-10. k\u00f6z\u00f6tt ker\u00fclt megrendez\u00e9sre a Kom\u00e1rom-Esztergom v\u00e1rmegyei d\u00edjugrat\u00f3 d\u00f6nt\u0151 a B\u00e1bolna Nemzeti M\u00e9nesbirtok versenyp\u00e1ly\u00e1j\u00e1n. <\/p>\n\n\n\n<p>R\u00f6gt\u00f6n az els\u0151 napon sz\u00e9p eredm\u00e9nyekkel kezdt\u00e9k meg a B\u00e1bolna M\u00e9nesbirtok Lovas K\u00f6r lovasai a 2025-\u00f6s \u00e9v szezonz\u00e1r\u00f3 d\u00edjugrat\u00f3 verseny\u00e9t, a Kom\u00e1rom-Esztergom v\u00e1rmegyei d\u00edjugrat\u00f3 d\u00f6nt\u0151t!<\/p>\n\n\n\n<figure class=\"wp-block-image size-large\"><img fetchpriority=\"high\" decoding=\"async\" width=\"931\" height=\"683\" src=\"https:\/\/babolnamenes.hu\/wp-content\/uploads\/2025\/10\/PC-vasko-931x683.jpg\" alt=\"\" class=\"wp-image-14352\" srcset=\"https:\/\/babolnamenes.hu\/wp-content\/uploads\/2025\/10\/PC-vasko-931x683.jpg 931w, https:\/\/babolnamenes.hu\/wp-content\/uploads\/2025\/10\/PC-vasko-545x400.jpg 545w, https:\/\/babolnamenes.hu\/wp-content\/uploads\/2025\/10\/PC-vasko-768x563.jpg 768w, https:\/\/babolnamenes.hu\/wp-content\/uploads\/2025\/10\/PC-vasko-1536x1127.jpg 1536w, https:\/\/babolnamenes.hu\/wp-content\/uploads\/2025\/10\/PC-vasko-600x440.jpg 600w, https:\/\/babolnamenes.hu\/wp-content\/uploads\/2025\/10\/PC-vasko.jpg 2000w\" sizes=\"(max-width: 931px) 100vw, 931px\" \/><\/figure>\n\n\n\n<p> Vask\u00f3 Tam\u00e1s els\u0151 helyez\u00e9st \u00fcnnepelhetett O&#8217;BAJAN XXXI-3-mal, Dr. Tornyos Fanni CHACCO BELL\u00c1VAL egy sz\u00e9p hib\u00e1tlan ut\u00e1ni 4., Kov\u00e1cs Nikolett GAZAL XXI-5-tel 2., \u00e9s MERSUCH IX-4-gyel 4. helyez\u00e9st szerzett! Szab\u00f3 R\u00e9ka Ibolya pedig O&#8217;BAJAN XXIX-1-gyel sikeres rajtenged\u00e9ly vizsg\u00e1t tett. \ud83e\udd73<\/p>\n\n\n\n<figure class=\"wp-block-image size-large\"><img decoding=\"async\" width=\"981\" height=\"683\" src=\"https:\/\/babolnamenes.hu\/wp-content\/uploads\/2025\/10\/PC-szabo-Obajan-XXIX-1u-981x683.jpg\" alt=\"\" class=\"wp-image-14349\" srcset=\"https:\/\/babolnamenes.hu\/wp-content\/uploads\/2025\/10\/PC-szabo-Obajan-XXIX-1u-981x683.jpg 981w, https:\/\/babolnamenes.hu\/wp-content\/uploads\/2025\/10\/PC-szabo-Obajan-XXIX-1u-574x400.jpg 574w, https:\/\/babolnamenes.hu\/wp-content\/uploads\/2025\/10\/PC-szabo-Obajan-XXIX-1u-768x535.jpg 768w, https:\/\/babolnamenes.hu\/wp-content\/uploads\/2025\/10\/PC-szabo-Obajan-XXIX-1u-1536x1070.jpg 1536w, https:\/\/babolnamenes.hu\/wp-content\/uploads\/2025\/10\/PC-szabo-Obajan-XXIX-1u-600x418.jpg 600w, https:\/\/babolnamenes.hu\/wp-content\/uploads\/2025\/10\/PC-szabo-Obajan-XXIX-1u.jpg 2000w\" sizes=\"(max-width: 981px) 100vw, 981px\" \/><\/figure>\n\n\n\n<p>Szerencs\u00e9re a szombati nap sem telt el B\u00e1bolna M\u00e9nesbirtok Lovas K\u00f6r dobog\u00f3s helyez\u00e9s n\u00e9lk\u00fcl: Kov\u00e1cs Nikolett GAZAL XXI-5-tel a 105cm-es nyitott sz\u00e1mban 3. helyet szereztek. <br>Dr Tornyos Fanni \u00e9s CHACCO BELLA sajnos az amat\u0151r el\u0151d\u00f6nt\u0151ben v\u00e9tettek egy ver\u0151hib\u00e1t, de az indul\u00e1si jogot megszerezt\u00e9k a vas\u00e1rnapi d\u00f6nt\u0151re, \u00edgy izgatottan v\u00e1rhattuk a startjukat.<\/p>\n\n\n\n<figure class=\"wp-block-image size-large\"><img decoding=\"async\" width=\"988\" height=\"683\" src=\"https:\/\/babolnamenes.hu\/wp-content\/uploads\/2025\/10\/PC-kovacs-gazal-988x683.jpg\" alt=\"\" class=\"wp-image-14346\" srcset=\"https:\/\/babolnamenes.hu\/wp-content\/uploads\/2025\/10\/PC-kovacs-gazal-988x683.jpg 988w, https:\/\/babolnamenes.hu\/wp-content\/uploads\/2025\/10\/PC-kovacs-gazal-579x400.jpg 579w, https:\/\/babolnamenes.hu\/wp-content\/uploads\/2025\/10\/PC-kovacs-gazal-768x531.jpg 768w, https:\/\/babolnamenes.hu\/wp-content\/uploads\/2025\/10\/PC-kovacs-gazal-1536x1061.jpg 1536w, https:\/\/babolnamenes.hu\/wp-content\/uploads\/2025\/10\/PC-kovacs-gazal-600x415.jpg 600w, https:\/\/babolnamenes.hu\/wp-content\/uploads\/2025\/10\/PC-kovacs-gazal.jpg 2000w\" sizes=\"(max-width: 988px) 100vw, 988px\" \/><\/figure>\n\n\n\n<p>Szombaton eld\u0151lt a V\u00e1rmegyei csapatbajnok c\u00edm sorsa is, amely az Esztergomi Lovas SE csapat\u00e1t illette meg.<br><\/p>\n\n\n\n<figure class=\"wp-block-image size-large\"><img loading=\"lazy\" decoding=\"async\" width=\"1024\" height=\"646\" src=\"https:\/\/babolnamenes.hu\/wp-content\/uploads\/2025\/10\/PC-TIC_6846-1024x646.jpg\" alt=\"\" class=\"wp-image-14355\" srcset=\"https:\/\/babolnamenes.hu\/wp-content\/uploads\/2025\/10\/PC-TIC_6846-1024x646.jpg 1024w, https:\/\/babolnamenes.hu\/wp-content\/uploads\/2025\/10\/PC-TIC_6846-600x378.jpg 600w, https:\/\/babolnamenes.hu\/wp-content\/uploads\/2025\/10\/PC-TIC_6846-768x484.jpg 768w, https:\/\/babolnamenes.hu\/wp-content\/uploads\/2025\/10\/PC-TIC_6846-1536x968.jpg 1536w, https:\/\/babolnamenes.hu\/wp-content\/uploads\/2025\/10\/PC-TIC_6846.jpg 2000w\" sizes=\"(max-width: 1024px) 100vw, 1024px\" \/><\/figure>\n\n\n\n<p><br>Az Amazon eml\u00e9k\u00e9re ind\u00edtott csapat ker\u00fclt ki gy\u0151ztesen a versenyb\u0151l, melynek v\u00e9geredm\u00e9ny\u00e9r\u0151l fesz\u00fclt izgalomban d\u00f6nt\u00f6tt az \u00f6sszevet\u00e9s. Gratul\u00e1lunk a c\u00edmv\u00e9d\u0151 gy\u0151ztes csapat tagjainak: <br>Farkas Csenge &#8211; GIDRAN XXX-56 (SZELL\u0150)<br>Pataki Kata &#8211; GIN<br>R\u00f3nai Zs\u00f3fia &#8211; CHACCO ELZA<br>Csapatvezet\u0151j\u00fck: B\u00f6nde Ferenc, edz\u0151: Schaller G\u00e1bor<br>A csapatversenyben m\u00e1sodik lett a Prosper LK Csapat, harmadik pedig a M\u00e1ty\u00e1s Horses csapata.<\/p>\n\n\n\n<figure class=\"wp-block-image size-large\"><img loading=\"lazy\" decoding=\"async\" width=\"1024\" height=\"613\" src=\"https:\/\/babolnamenes.hu\/wp-content\/uploads\/2025\/10\/PC-S5D_5242-1024x613.jpg\" alt=\"\" class=\"wp-image-14358\" srcset=\"https:\/\/babolnamenes.hu\/wp-content\/uploads\/2025\/10\/PC-S5D_5242-1024x613.jpg 1024w, https:\/\/babolnamenes.hu\/wp-content\/uploads\/2025\/10\/PC-S5D_5242-600x359.jpg 600w, https:\/\/babolnamenes.hu\/wp-content\/uploads\/2025\/10\/PC-S5D_5242-768x460.jpg 768w, https:\/\/babolnamenes.hu\/wp-content\/uploads\/2025\/10\/PC-S5D_5242-1536x920.jpg 1536w, https:\/\/babolnamenes.hu\/wp-content\/uploads\/2025\/10\/PC-S5D_5242.jpg 2000w\" sizes=\"(max-width: 1024px) 100vw, 1024px\" \/><\/figure>\n\n\n\n<p>2025 Kom\u00e1rom-Esztergom v\u00e1rmegye Feln\u0151tt bajnoka: Sopronyi R\u00e9ka D\u00f3ra &#8211; DONALD (Prosper LK)<\/p>\n\n\n\n<p><img loading=\"lazy\" decoding=\"async\" height=\"16\" width=\"16\" alt=\"\ud83e\udd48\" src=\"https:\/\/static.xx.fbcdn.net\/images\/emoji.php\/v9\/t15\/1\/16\/1f948.png\"> Kiss Dominika &#8211; SPARTACUS (Biog\u00e1z Uni\u00f3)<\/p>\n\n\n\n<p><img loading=\"lazy\" decoding=\"async\" height=\"16\" width=\"16\" alt=\"\ud83e\udd49\" src=\"https:\/\/static.xx.fbcdn.net\/images\/emoji.php\/v9\/t96\/1\/16\/1f949.png\"> S<a><\/a>zotyori Nagy Krist\u00f3f &#8211; VAN STIEN W Z (Eventum Lovasklub Kft)<\/p>\n\n\n\n<p>A hazai szezon z\u00e1r\u00e1sa sok \u00f6r\u00f6mteli sikert tartogatott a B\u00e1bolna M\u00e9nesbirtok Lovas K\u00f6r d\u00edjugrat\u00f3 p\u00e1rosai sz\u00e1m\u00e1ra is: Kov\u00e1cs Nikolett az utols\u00f3 napot egy \u00fajabb gy\u00f6ny\u00f6r\u0171 gy\u0151zelemmel koron\u00e1zta GAZAL XXI-5-tel a 105cm-es versenysz\u00e1mban, \u00e9s MERSUCH IX-4-gyel is sz\u00e9p hib\u00e1tlannal z\u00e1rt\u00e1k az \u00e9vet. Vask\u00f3 Tam\u00e1s egy ver\u0151hib\u00e1val sajnos az utols\u00f3 napon lecs\u00faszott a dobog\u00f3r\u00f3l, de p\u00e9nteki 100cm-es gy\u0151zelm\u00fck O&#8217;BAJAN XXXI-3-mal rem\u00e9lj\u00fck, b\u0151ven k\u00e1rp\u00f3tolta.<\/p>\n\n\n\n<p>Dr Tornyos Fanni \u00e9s CHACCO BELLA ezen a h\u00e9tv\u00e9g\u00e9n a v\u00e1rmegyei amat\u0151r bajnoki c\u00edm\u00e9rt sz\u00e1lltak versenybe, amit ugyan most nem siker\u00fclt megkaparintani, de az id\u00e9n szerzett tapasztalattal \u00e9s a szezonban hozott remek form\u00e1jukkal k\u00e9ts\u00e9gtelen\u00fcl k\u00f6zelebb ker\u00fcltek ahhoz, hogy legk\u00f6zelebb magabiztosan bizony\u00edthassanak! <\/p>\n\n\n\n<figure class=\"wp-block-image size-large\"><img loading=\"lazy\" decoding=\"async\" width=\"957\" height=\"683\" src=\"https:\/\/babolnamenes.hu\/wp-content\/uploads\/2025\/10\/PC-tornyos-957x683.jpg\" alt=\"\" class=\"wp-image-14361\" srcset=\"https:\/\/babolnamenes.hu\/wp-content\/uploads\/2025\/10\/PC-tornyos-957x683.jpg 957w, https:\/\/babolnamenes.hu\/wp-content\/uploads\/2025\/10\/PC-tornyos-561x400.jpg 561w, https:\/\/babolnamenes.hu\/wp-content\/uploads\/2025\/10\/PC-tornyos-768x548.jpg 768w, https:\/\/babolnamenes.hu\/wp-content\/uploads\/2025\/10\/PC-tornyos-1536x1096.jpg 1536w, https:\/\/babolnamenes.hu\/wp-content\/uploads\/2025\/10\/PC-tornyos-600x428.jpg 600w, https:\/\/babolnamenes.hu\/wp-content\/uploads\/2025\/10\/PC-tornyos.jpg 2000w\" sizes=\"(max-width: 957px) 100vw, 957px\" \/><\/figure>\n\n\n\n<p><br>Az idei \u00e9vben p\u00e1ly\u00e1ink utolj\u00e1ra az Lovastusa Orsz\u00e1gos Bajnoks\u00e1gon ny\u00edlnak meg okt\u00f3ber m\u00e1sodik h\u00e9tv\u00e9g\u00e9j\u00e9n, amire szeretettel v\u00e1runk minden \u00e9rdekl\u0151d\u0151t, ut\u00e1na m\u00e1r a 2026-os \u00e9v versenyein, ne feledj\u00e9tek m\u00e1r most a napt\u00e1rba be\u00edrni \ud83d\udcc6 2026. j\u00fanius 3-7. Pettk\u00f3-Szandtner Tibor Eml\u00e9kverseny, 2026. augusztus 6-9. Nemzeti D\u00edjugrat\u00f3 Verseny \u2013 \u00c1llatorvosok Eur\u00f3pa-Bajnoks\u00e1ga<\/p>\n\n\n\n<p><\/p>\n","protected":false},"excerpt":{"rendered":"<p>2025. szeptember 19-10. k\u00f6z\u00f6tt ker\u00fclt megrendez\u00e9sre a Kom\u00e1rom-Esztergom v\u00e1rmegyei d\u00edjugrat\u00f3 d\u00f6nt\u0151 a B\u00e1bolna Nemzeti M\u00e9nesbirtok versenyp\u00e1ly\u00e1j\u00e1n. R\u00f6gt\u00f6n az els\u0151 napon sz\u00e9p eredm\u00e9nyekkel kezdt\u00e9k meg a B\u00e1bolna M\u00e9nesbirtok Lovas K\u00f6r lovasai a 2025-\u00f6s \u00e9v szezonz\u00e1r\u00f3 d\u00edjugrat\u00f3 verseny\u00e9t, a Kom\u00e1rom-Esztergom v\u00e1rmegyei d\u00edjugrat\u00f3 d\u00f6nt\u0151t! Vask\u00f3 Tam\u00e1s els\u0151 helyez\u00e9st \u00fcnnepelhetett O&#8217;BAJAN XXXI-3-mal, Dr. Tornyos Fanni CHACCO BELL\u00c1VAL egy sz\u00e9p [&hellip;]<\/p>\n","protected":false},"author":17,"featured_media":14394,"comment_status":"open","ping_status":"open","sticky":false,"template":"","format":"standard","meta":{"footnotes":""},"categories":[124],"tags":[],"class_list":["post-14344","post","type-post","status-publish","format-standard","has-post-thumbnail","hentry","category-news"],"_links":{"self":[{"href":"https:\/\/babolnamenes.hu\/en\/wp-json\/wp\/v2\/posts\/14344","targetHints":{"allow":["GET"]}}],"collection":[{"href":"https:\/\/babolnamenes.hu\/en\/wp-json\/wp\/v2\/posts"}],"about":[{"href":"https:\/\/babolnamenes.hu\/en\/wp-json\/wp\/v2\/types\/post"}],"author":[{"embeddable":true,"href":"https:\/\/babolnamenes.hu\/en\/wp-json\/wp\/v2\/users\/17"}],"replies":[{"embeddable":true,"href":"https:\/\/babolnamenes.hu\/en\/wp-json\/wp\/v2\/comments?post=14344"}],"version-history":[{"count":1,"href":"https:\/\/babolnamenes.hu\/en\/wp-json\/wp\/v2\/posts\/14344\/revisions"}],"predecessor-version":[{"id":14396,"href":"https:\/\/babolnamenes.hu\/en\/wp-json\/wp\/v2\/posts\/14344\/revisions\/14396"}],"wp:featuredmedia":[{"embeddable":true,"href":"https:\/\/babolnamenes.hu\/en\/wp-json\/wp\/v2\/media\/14394"}],"wp:attachment":[{"href":"https:\/\/babolnamenes.hu\/en\/wp-json\/wp\/v2\/media?parent=14344"}],"wp:term":[{"taxonomy":"category","embeddable":true,"href":"https:\/\/babolnamenes.hu\/en\/wp-json\/wp\/v2\/categories?post=14344"},{"taxonomy":"post_tag","embeddable":true,"href":"https:\/\/babolnamenes.hu\/en\/wp-json\/wp\/v2\/tags?post=14344"}],"curies":[{"name":"wp","href":"https:\/\/api.w.org\/{rel}","templated":true}]}}